{"id":10043,"date":"2025-01-21T10:17:47","date_gmt":"2025-01-21T08:17:47","guid":{"rendered":"https:\/\/vestabaltjums.lv\/?p=10043"},"modified":"2025-01-22T16:25:33","modified_gmt":"2025-01-22T14:25:33","slug":"fasades-atjaunosanas-darbi-vesturiskam-namam-riga-peldu-iela-24","status":"publish","type":"post","link":"https:\/\/vestabaltjums.lv\/en\/jaunumi\/fasades-atjaunosanas-darbi-vesturiskam-namam-riga-peldu-iela-24\/","title":{"rendered":"Fas\u0101des atjauno\u0161anas darbi v\u0113sturiskam namam R\u012bg\u0101, Peldu iel\u0101 24"},"content":{"rendered":"<section class=\"vc_row vc_custom_1737451968302 liquid-row-shadowbox-69f28e732290d\"><div class=\"ld-container container\"><div class=\"row ld-row ld-row-outer\"><div class=\"wpb_column vc_column_container vc_col-sm-12 vc_col-md-offset-2 vc_col-md-8 liquid-column-69f28e732312e\"><div class=\"vc_column-inner\" ><div class=\"wpb_wrapper\"  >\n\t<div class=\"wpb_text_column wpb_content_element\" >\n\t\t<div class=\"wpb_wrapper\">\n\t\t\t<h4>SIA Vestabalt \u2013 \u00a0R\u012bg\u0101, Peldu iel\u0101 24, sadarb\u012bba ar RD \u012apa\u0161uma departamentu piln\u012bb\u0101 pabeigusi ielas fas\u0101des atjauno\u0161anas darbus, kuru kop\u0113j\u0101m izmaks\u0101m bija 42\u00a0282,24 eiro.<\/h4>\n\n\t\t<\/div>\n\t<\/div>\n\n\t<div class=\"wpb_text_column wpb_content_element\" >\n\t\t<div class=\"wpb_wrapper\">\n\t\t\t<p class=\"animate animate__fade-left animate--visible\">Fas\u0101des atjauno\u0161anas projekts tika izstr\u0101d\u0101ts p\u0113c nama v\u0113sturisk\u0101s izp\u0113tes, saglab\u0101jot klasicisma stilam rakstur\u012bgo zilganpel\u0113ko kr\u0101sojumu, nomain\u012bti v\u0113sturiskie koka logi, k\u0101 ar\u012b izb\u016bv\u0113ts fas\u0101des apgaismojums.<\/p>\n<p class=\"animate animate__fade-left animate--visible\">Fas\u0101des atjauno\u0161anas gait\u0101 zem kr\u0101su k\u0101rt\u0101m atkl\u0101j\u0101s plaisas, kuru nov\u0113r\u0161anai tika izmantota injic\u0113\u0161anas metode.<\/p>\n<p class=\"animate animate__fade-left animate--visible\">Nam\u012bpa\u0161uma p\u0101rvald\u012b\u0161anu jau kop\u0161 2004.gada Hercbergu dzimta ir uztic\u0113jusi SIA Vestabalt un projektu vad\u012bbas grupa organiz\u0113ja un koordin\u0113ja fas\u0101des atjauno\u0161anas darbus.<\/p>\n<p class=\"animate animate__fade-left animate--visible\">Nams Peldu iel\u0101 24 ir klasicisma stila \u0113k\u0101, kas celta 18.gs. un atrodas valsts noz\u012bmes pils\u0113tb\u016bvniec\u012bbas pieminek\u013ca \u201cR\u012bgas pils\u0113tas v\u0113sturiskais centrs\u201d teritorij\u0101 un UNESCO pasaules kult\u016bras mantojuma saraksta objekta \u201cR\u012bgas v\u0113sturiskais centrs\u201d teritorij\u0101.<\/p>\n<p class=\"animate animate__fade-left animate--visible\">V\u0113sture v\u0113sta \u2013 Peldu iela ir viena no vissen\u0101k apdz\u012bvot\u0101m iel\u0101m R\u012bg\u0101, k\u0101 ar\u012b t\u0101 ir vec\u0101k\u0101 un slaven\u0101k\u0101 izklaides iela Vecr\u012bg\u0101. Un, k\u0101 mums visiem labi zin\u0101ms, t\u0101 joproj\u0101m ir \u201cVecr\u012bgas mazais izklaides centri\u0146\u0161\u201d, kas nebeidz p\u0101rsteigt ar savu izklaidu pied\u0101v\u0101juma \u2013 restor\u0101ns\/d\u017eeza klubs \u201cTrompete\u201d, Klubs nakt\u012b \u201cP\u016bce\u201d, \u201cFolkklubs Ala Pagrabs\u201d u.c.<\/p>\n\n\t\t<\/div>\n\t<\/div>\n\n\t<div  class=\"wpb_single_image wpb_content_element vc_align_  liquid_vc_single_image-69f28e7323e58\">\n\t\t\n\t\t<figure class=\"wpb_wrapper vc_figure\">\n\t\t\t<div class=\"vc_single_image-wrapper\"><img decoding=\"async\" width=\"1465\" height=\"1000\" src=\"https:\/\/vestabaltjums.lv\/wp-content\/uploads\/2025\/01\/MG_0461_scoro.jpg\" class=\"vc_single_image-img attachment-full\" alt=\"\" title=\"MG_0461_scoro\" srcset=\"https:\/\/vestabaltjums.lv\/wp-content\/uploads\/2025\/01\/MG_0461_scoro.jpg 1465w, https:\/\/vestabaltjums.lv\/wp-content\/uploads\/2025\/01\/MG_0461_scoro-300x205.jpg 300w, https:\/\/vestabaltjums.lv\/wp-content\/uploads\/2025\/01\/MG_0461_scoro-1024x699.jpg 1024w, https:\/\/vestabaltjums.lv\/wp-content\/uploads\/2025\/01\/MG_0461_scoro-18x12.jpg 18w\" sizes=\"(max-width: 1465px) 100vw, 1465px\" itemprop=\"image\" \/><\/div>\n\t\t<\/figure>\n\t<\/div>\n<\/div><\/div><\/div><\/div><\/div><\/section>","protected":false},"excerpt":{"rendered":"SIA Vestabalt \u2013 \u00a0R\u012bg\u0101, Peldu iel\u0101 24, sadarb\u012bba ar RD \u012apa\u0161uma departamentu piln\u012bb\u0101 pabeigusi ielas fas\u0101des atjauno\u0161anas darbus, kuru kop\u0113j\u0101m izmaks\u0101m bija 42\u00a0282,24 eiro. Fas\u0101des atjauno\u0161anas projekts tika izstr\u0101d\u0101ts p\u0113c nama v\u0113sturisk\u0101s izp\u0113tes, saglab\u0101jot klasicisma stilam rakstur\u012bgo zilganpel\u0113ko kr\u0101sojumu, nomain\u012bti v\u0113sturiskie koka logi, k\u0101 ar\u012b izb\u016bv\u0113ts fas\u0101des apgaismojums. Fas\u0101des atjauno\u0161anas gait\u0101 zem kr\u0101su k\u0101rt\u0101m atkl\u0101j\u0101s [...]","protected":false},"author":2,"featured_media":10044,"comment_status":"closed","ping_status":"closed","sticky":false,"template":"","format":"standard","meta":{"footnotes":""},"categories":[25],"tags":[],"class_list":["post-10043","post","type-post","status-publish","format-standard","has-post-thumbnail","hentry","category-jaunumi"],"yoast_head":"<!-- This site is optimized with the Yoast SEO plugin v27.2 - https:\/\/yoast.com\/product\/yoast-seo-wordpress\/ -->\n<title>Fas\u0101des atjauno\u0161anas darbi v\u0113sturiskam namam R\u012bg\u0101, Peldu iel\u0101 24 - Vestabalt Jums<\/title>\n<meta name=\"robots\" content=\"index, follow, max-snippet:-1, max-image-preview:large, max-video-preview:-1\" \/>\n<link rel=\"canonical\" href=\"https:\/\/vestabaltjums.lv\/en\/jaunumi\/fasades-atjaunosanas-darbi-vesturiskam-namam-riga-peldu-iela-24\/\" \/>\n<meta property=\"og:locale\" content=\"en_GB\" \/>\n<meta property=\"og:type\" content=\"article\" \/>\n<meta property=\"og:title\" content=\"Fas\u0101des atjauno\u0161anas darbi v\u0113sturiskam namam R\u012bg\u0101, Peldu iel\u0101 24 - Vestabalt Jums\" \/>\n<meta property=\"og:url\" content=\"https:\/\/vestabaltjums.lv\/en\/jaunumi\/fasades-atjaunosanas-darbi-vesturiskam-namam-riga-peldu-iela-24\/\" \/>\n<meta property=\"og:site_name\" content=\"Vestabalt Jums\" \/>\n<meta property=\"article:publisher\" content=\"https:\/\/www.facebook.com\/VestabaltJums\/\" \/>\n<meta property=\"article:published_time\" content=\"2025-01-21T08:17:47+00:00\" \/>\n<meta property=\"article:modified_time\" content=\"2025-01-22T14:25:33+00:00\" \/>\n<meta property=\"og:image\" content=\"https:\/\/vestabaltjums.lv\/wp-content\/uploads\/2025\/01\/MG_0465_scoro-1024x683-1.jpg\" \/>\n\t<meta property=\"og:image:width\" content=\"1024\" \/>\n\t<meta property=\"og:image:height\" content=\"683\" \/>\n\t<meta property=\"og:image:type\" content=\"image\/jpeg\" \/>\n<meta name=\"author\" content=\"Herta\" \/>\n<meta name=\"twitter:card\" content=\"summary_large_image\" \/>\n<meta name=\"twitter:label1\" content=\"Written by\" \/>\n\t<meta name=\"twitter:data1\" content=\"Herta\" \/>\n\t<meta name=\"twitter:label2\" content=\"Estimated reading time\" \/>\n\t<meta name=\"twitter:data2\" content=\"2 minutes\" \/>\n<script type=\"application\/ld+json\" class=\"yoast-schema-graph\">{\"@context\":\"https:\/\/schema.org\",\"@graph\":[{\"@type\":\"Article\",\"@id\":\"https:\/\/vestabaltjums.lv\/jaunumi\/fasades-atjaunosanas-darbi-vesturiskam-namam-riga-peldu-iela-24\/#article\",\"isPartOf\":{\"@id\":\"https:\/\/vestabaltjums.lv\/jaunumi\/fasades-atjaunosanas-darbi-vesturiskam-namam-riga-peldu-iela-24\/\"},\"author\":{\"name\":\"Herta\",\"@id\":\"https:\/\/vestabaltjums.lv\/#\/schema\/person\/b670d03646f52ecd4751c539cdc6a5dc\"},\"headline\":\"Fas\u0101des atjauno\u0161anas darbi v\u0113sturiskam namam R\u012bg\u0101, Peldu iel\u0101 24\",\"datePublished\":\"2025-01-21T08:17:47+00:00\",\"dateModified\":\"2025-01-22T14:25:33+00:00\",\"mainEntityOfPage\":{\"@id\":\"https:\/\/vestabaltjums.lv\/jaunumi\/fasades-atjaunosanas-darbi-vesturiskam-namam-riga-peldu-iela-24\/\"},\"wordCount\":288,\"publisher\":{\"@id\":\"https:\/\/vestabaltjums.lv\/#organization\"},\"image\":{\"@id\":\"https:\/\/vestabaltjums.lv\/jaunumi\/fasades-atjaunosanas-darbi-vesturiskam-namam-riga-peldu-iela-24\/#primaryimage\"},\"thumbnailUrl\":\"https:\/\/vestabaltjums.lv\/wp-content\/uploads\/2025\/01\/MG_0465_scoro-1024x683-1.jpg\",\"articleSection\":[\"Jaunumi\"],\"inLanguage\":\"en-GB\"},{\"@type\":\"WebPage\",\"@id\":\"https:\/\/vestabaltjums.lv\/jaunumi\/fasades-atjaunosanas-darbi-vesturiskam-namam-riga-peldu-iela-24\/\",\"url\":\"https:\/\/vestabaltjums.lv\/jaunumi\/fasades-atjaunosanas-darbi-vesturiskam-namam-riga-peldu-iela-24\/\",\"name\":\"Fas\u0101des atjauno\u0161anas darbi v\u0113sturiskam namam R\u012bg\u0101, Peldu iel\u0101 24 - Vestabalt Jums\",\"isPartOf\":{\"@id\":\"https:\/\/vestabaltjums.lv\/#website\"},\"primaryImageOfPage\":{\"@id\":\"https:\/\/vestabaltjums.lv\/jaunumi\/fasades-atjaunosanas-darbi-vesturiskam-namam-riga-peldu-iela-24\/#primaryimage\"},\"image\":{\"@id\":\"https:\/\/vestabaltjums.lv\/jaunumi\/fasades-atjaunosanas-darbi-vesturiskam-namam-riga-peldu-iela-24\/#primaryimage\"},\"thumbnailUrl\":\"https:\/\/vestabaltjums.lv\/wp-content\/uploads\/2025\/01\/MG_0465_scoro-1024x683-1.jpg\",\"datePublished\":\"2025-01-21T08:17:47+00:00\",\"dateModified\":\"2025-01-22T14:25:33+00:00\",\"breadcrumb\":{\"@id\":\"https:\/\/vestabaltjums.lv\/jaunumi\/fasades-atjaunosanas-darbi-vesturiskam-namam-riga-peldu-iela-24\/#breadcrumb\"},\"inLanguage\":\"en-GB\",\"potentialAction\":[{\"@type\":\"ReadAction\",\"target\":[\"https:\/\/vestabaltjums.lv\/jaunumi\/fasades-atjaunosanas-darbi-vesturiskam-namam-riga-peldu-iela-24\/\"]}]},{\"@type\":\"ImageObject\",\"inLanguage\":\"en-GB\",\"@id\":\"https:\/\/vestabaltjums.lv\/jaunumi\/fasades-atjaunosanas-darbi-vesturiskam-namam-riga-peldu-iela-24\/#primaryimage\",\"url\":\"https:\/\/vestabaltjums.lv\/wp-content\/uploads\/2025\/01\/MG_0465_scoro-1024x683-1.jpg\",\"contentUrl\":\"https:\/\/vestabaltjums.lv\/wp-content\/uploads\/2025\/01\/MG_0465_scoro-1024x683-1.jpg\",\"width\":1024,\"height\":683},{\"@type\":\"BreadcrumbList\",\"@id\":\"https:\/\/vestabaltjums.lv\/jaunumi\/fasades-atjaunosanas-darbi-vesturiskam-namam-riga-peldu-iela-24\/#breadcrumb\",\"itemListElement\":[{\"@type\":\"ListItem\",\"position\":1,\"name\":\"Home\",\"item\":\"https:\/\/vestabaltjums.lv\/\"},{\"@type\":\"ListItem\",\"position\":2,\"name\":\"Fas\u0101des atjauno\u0161anas darbi v\u0113sturiskam namam R\u012bg\u0101, Peldu iel\u0101 24\"}]},{\"@type\":\"WebSite\",\"@id\":\"https:\/\/vestabaltjums.lv\/#website\",\"url\":\"https:\/\/vestabaltjums.lv\/\",\"name\":\"Vestabalt Jums\",\"description\":\"Pilna servisa \u012bpa\u0161umu apsaimnieko\u0161ana un p\u0101rvald\u012b\u0161ana\",\"publisher\":{\"@id\":\"https:\/\/vestabaltjums.lv\/#organization\"},\"potentialAction\":[{\"@type\":\"SearchAction\",\"target\":{\"@type\":\"EntryPoint\",\"urlTemplate\":\"https:\/\/vestabaltjums.lv\/?s={search_term_string}\"},\"query-input\":{\"@type\":\"PropertyValueSpecification\",\"valueRequired\":true,\"valueName\":\"search_term_string\"}}],\"inLanguage\":\"en-GB\"},{\"@type\":\"Organization\",\"@id\":\"https:\/\/vestabaltjums.lv\/#organization\",\"name\":\"Vestabalt Jums\",\"url\":\"https:\/\/vestabaltjums.lv\/\",\"logo\":{\"@type\":\"ImageObject\",\"inLanguage\":\"en-GB\",\"@id\":\"https:\/\/vestabaltjums.lv\/#\/schema\/logo\/image\/\",\"url\":\"https:\/\/vestabaltjums.lv\/wp-content\/uploads\/2025\/01\/soc_logo.jpg\",\"contentUrl\":\"https:\/\/vestabaltjums.lv\/wp-content\/uploads\/2025\/01\/soc_logo.jpg\",\"width\":696,\"height\":696,\"caption\":\"Vestabalt Jums\"},\"image\":{\"@id\":\"https:\/\/vestabaltjums.lv\/#\/schema\/logo\/image\/\"},\"sameAs\":[\"https:\/\/www.facebook.com\/VestabaltJums\/\"]},{\"@type\":\"Person\",\"@id\":\"https:\/\/vestabaltjums.lv\/#\/schema\/person\/b670d03646f52ecd4751c539cdc6a5dc\",\"name\":\"Herta\",\"image\":{\"@type\":\"ImageObject\",\"inLanguage\":\"en-GB\",\"@id\":\"https:\/\/secure.gravatar.com\/avatar\/c694dc1f791a842c0d12f76cf1dd396068c726252930d75d8832504bad0f0dd4?s=96&d=mm&r=g\",\"url\":\"https:\/\/secure.gravatar.com\/avatar\/c694dc1f791a842c0d12f76cf1dd396068c726252930d75d8832504bad0f0dd4?s=96&d=mm&r=g\",\"contentUrl\":\"https:\/\/secure.gravatar.com\/avatar\/c694dc1f791a842c0d12f76cf1dd396068c726252930d75d8832504bad0f0dd4?s=96&d=mm&r=g\",\"caption\":\"Herta\"},\"url\":\"https:\/\/vestabaltjums.lv\/en\/jaunumi\/author\/herta\/\"}]}<\/script>\n<!-- \/ Yoast SEO plugin. -->","yoast_head_json":{"title":"Fas\u0101des atjauno\u0161anas darbi v\u0113sturiskam namam R\u012bg\u0101, Peldu iel\u0101 24 - Vestabalt Jums","robots":{"index":"index","follow":"follow","max-snippet":"max-snippet:-1","max-image-preview":"max-image-preview:large","max-video-preview":"max-video-preview:-1"},"canonical":"https:\/\/vestabaltjums.lv\/en\/jaunumi\/fasades-atjaunosanas-darbi-vesturiskam-namam-riga-peldu-iela-24\/","og_locale":"en_GB","og_type":"article","og_title":"Fas\u0101des atjauno\u0161anas darbi v\u0113sturiskam namam R\u012bg\u0101, Peldu iel\u0101 24 - Vestabalt Jums","og_url":"https:\/\/vestabaltjums.lv\/en\/jaunumi\/fasades-atjaunosanas-darbi-vesturiskam-namam-riga-peldu-iela-24\/","og_site_name":"Vestabalt Jums","article_publisher":"https:\/\/www.facebook.com\/VestabaltJums\/","article_published_time":"2025-01-21T08:17:47+00:00","article_modified_time":"2025-01-22T14:25:33+00:00","og_image":[{"width":1024,"height":683,"url":"https:\/\/vestabaltjums.lv\/wp-content\/uploads\/2025\/01\/MG_0465_scoro-1024x683-1.jpg","type":"image\/jpeg"}],"author":"Herta","twitter_card":"summary_large_image","twitter_misc":{"Written by":"Herta","Estimated reading time":"2 minutes"},"schema":{"@context":"https:\/\/schema.org","@graph":[{"@type":"Article","@id":"https:\/\/vestabaltjums.lv\/jaunumi\/fasades-atjaunosanas-darbi-vesturiskam-namam-riga-peldu-iela-24\/#article","isPartOf":{"@id":"https:\/\/vestabaltjums.lv\/jaunumi\/fasades-atjaunosanas-darbi-vesturiskam-namam-riga-peldu-iela-24\/"},"author":{"name":"Herta","@id":"https:\/\/vestabaltjums.lv\/#\/schema\/person\/b670d03646f52ecd4751c539cdc6a5dc"},"headline":"Fas\u0101des atjauno\u0161anas darbi v\u0113sturiskam namam R\u012bg\u0101, Peldu iel\u0101 24","datePublished":"2025-01-21T08:17:47+00:00","dateModified":"2025-01-22T14:25:33+00:00","mainEntityOfPage":{"@id":"https:\/\/vestabaltjums.lv\/jaunumi\/fasades-atjaunosanas-darbi-vesturiskam-namam-riga-peldu-iela-24\/"},"wordCount":288,"publisher":{"@id":"https:\/\/vestabaltjums.lv\/#organization"},"image":{"@id":"https:\/\/vestabaltjums.lv\/jaunumi\/fasades-atjaunosanas-darbi-vesturiskam-namam-riga-peldu-iela-24\/#primaryimage"},"thumbnailUrl":"https:\/\/vestabaltjums.lv\/wp-content\/uploads\/2025\/01\/MG_0465_scoro-1024x683-1.jpg","articleSection":["Jaunumi"],"inLanguage":"en-GB"},{"@type":"WebPage","@id":"https:\/\/vestabaltjums.lv\/jaunumi\/fasades-atjaunosanas-darbi-vesturiskam-namam-riga-peldu-iela-24\/","url":"https:\/\/vestabaltjums.lv\/jaunumi\/fasades-atjaunosanas-darbi-vesturiskam-namam-riga-peldu-iela-24\/","name":"Fas\u0101des atjauno\u0161anas darbi v\u0113sturiskam namam R\u012bg\u0101, Peldu iel\u0101 24 - Vestabalt Jums","isPartOf":{"@id":"https:\/\/vestabaltjums.lv\/#website"},"primaryImageOfPage":{"@id":"https:\/\/vestabaltjums.lv\/jaunumi\/fasades-atjaunosanas-darbi-vesturiskam-namam-riga-peldu-iela-24\/#primaryimage"},"image":{"@id":"https:\/\/vestabaltjums.lv\/jaunumi\/fasades-atjaunosanas-darbi-vesturiskam-namam-riga-peldu-iela-24\/#primaryimage"},"thumbnailUrl":"https:\/\/vestabaltjums.lv\/wp-content\/uploads\/2025\/01\/MG_0465_scoro-1024x683-1.jpg","datePublished":"2025-01-21T08:17:47+00:00","dateModified":"2025-01-22T14:25:33+00:00","breadcrumb":{"@id":"https:\/\/vestabaltjums.lv\/jaunumi\/fasades-atjaunosanas-darbi-vesturiskam-namam-riga-peldu-iela-24\/#breadcrumb"},"inLanguage":"en-GB","potentialAction":[{"@type":"ReadAction","target":["https:\/\/vestabaltjums.lv\/jaunumi\/fasades-atjaunosanas-darbi-vesturiskam-namam-riga-peldu-iela-24\/"]}]},{"@type":"ImageObject","inLanguage":"en-GB","@id":"https:\/\/vestabaltjums.lv\/jaunumi\/fasades-atjaunosanas-darbi-vesturiskam-namam-riga-peldu-iela-24\/#primaryimage","url":"https:\/\/vestabaltjums.lv\/wp-content\/uploads\/2025\/01\/MG_0465_scoro-1024x683-1.jpg","contentUrl":"https:\/\/vestabaltjums.lv\/wp-content\/uploads\/2025\/01\/MG_0465_scoro-1024x683-1.jpg","width":1024,"height":683},{"@type":"BreadcrumbList","@id":"https:\/\/vestabaltjums.lv\/jaunumi\/fasades-atjaunosanas-darbi-vesturiskam-namam-riga-peldu-iela-24\/#breadcrumb","itemListElement":[{"@type":"ListItem","position":1,"name":"Home","item":"https:\/\/vestabaltjums.lv\/"},{"@type":"ListItem","position":2,"name":"Fas\u0101des atjauno\u0161anas darbi v\u0113sturiskam namam R\u012bg\u0101, Peldu iel\u0101 24"}]},{"@type":"WebSite","@id":"https:\/\/vestabaltjums.lv\/#website","url":"https:\/\/vestabaltjums.lv\/","name":"Vestabalt Jums","description":"Pilna servisa \u012bpa\u0161umu apsaimnieko\u0161ana un p\u0101rvald\u012b\u0161ana","publisher":{"@id":"https:\/\/vestabaltjums.lv\/#organization"},"potentialAction":[{"@type":"SearchAction","target":{"@type":"EntryPoint","urlTemplate":"https:\/\/vestabaltjums.lv\/?s={search_term_string}"},"query-input":{"@type":"PropertyValueSpecification","valueRequired":true,"valueName":"search_term_string"}}],"inLanguage":"en-GB"},{"@type":"Organization","@id":"https:\/\/vestabaltjums.lv\/#organization","name":"Vestabalt Jums","url":"https:\/\/vestabaltjums.lv\/","logo":{"@type":"ImageObject","inLanguage":"en-GB","@id":"https:\/\/vestabaltjums.lv\/#\/schema\/logo\/image\/","url":"https:\/\/vestabaltjums.lv\/wp-content\/uploads\/2025\/01\/soc_logo.jpg","contentUrl":"https:\/\/vestabaltjums.lv\/wp-content\/uploads\/2025\/01\/soc_logo.jpg","width":696,"height":696,"caption":"Vestabalt Jums"},"image":{"@id":"https:\/\/vestabaltjums.lv\/#\/schema\/logo\/image\/"},"sameAs":["https:\/\/www.facebook.com\/VestabaltJums\/"]},{"@type":"Person","@id":"https:\/\/vestabaltjums.lv\/#\/schema\/person\/b670d03646f52ecd4751c539cdc6a5dc","name":"Herta","image":{"@type":"ImageObject","inLanguage":"en-GB","@id":"https:\/\/secure.gravatar.com\/avatar\/c694dc1f791a842c0d12f76cf1dd396068c726252930d75d8832504bad0f0dd4?s=96&d=mm&r=g","url":"https:\/\/secure.gravatar.com\/avatar\/c694dc1f791a842c0d12f76cf1dd396068c726252930d75d8832504bad0f0dd4?s=96&d=mm&r=g","contentUrl":"https:\/\/secure.gravatar.com\/avatar\/c694dc1f791a842c0d12f76cf1dd396068c726252930d75d8832504bad0f0dd4?s=96&d=mm&r=g","caption":"Herta"},"url":"https:\/\/vestabaltjums.lv\/en\/jaunumi\/author\/herta\/"}]}},"_links":{"self":[{"href":"https:\/\/vestabaltjums.lv\/en\/wp-json\/wp\/v2\/posts\/10043","targetHints":{"allow":["GET"]}}],"collection":[{"href":"https:\/\/vestabaltjums.lv\/en\/wp-json\/wp\/v2\/posts"}],"about":[{"href":"https:\/\/vestabaltjums.lv\/en\/wp-json\/wp\/v2\/types\/post"}],"author":[{"embeddable":true,"href":"https:\/\/vestabaltjums.lv\/en\/wp-json\/wp\/v2\/users\/2"}],"replies":[{"embeddable":true,"href":"https:\/\/vestabaltjums.lv\/en\/wp-json\/wp\/v2\/comments?post=10043"}],"version-history":[{"count":0,"href":"https:\/\/vestabaltjums.lv\/en\/wp-json\/wp\/v2\/posts\/10043\/revisions"}],"wp:featuredmedia":[{"embeddable":true,"href":"https:\/\/vestabaltjums.lv\/en\/wp-json\/wp\/v2\/media\/10044"}],"wp:attachment":[{"href":"https:\/\/vestabaltjums.lv\/en\/wp-json\/wp\/v2\/media?parent=10043"}],"wp:term":[{"taxonomy":"category","embeddable":true,"href":"https:\/\/vestabaltjums.lv\/en\/wp-json\/wp\/v2\/categories?post=10043"},{"taxonomy":"post_tag","embeddable":true,"href":"https:\/\/vestabaltjums.lv\/en\/wp-json\/wp\/v2\/tags?post=10043"}],"curies":[{"name":"wp","href":"https:\/\/api.w.org\/{rel}","templated":true}]}}