{"id":10364,"date":"2025-06-10T09:13:45","date_gmt":"2025-06-10T06:13:45","guid":{"rendered":"https:\/\/vestabaltjums.lv\/?p=10364"},"modified":"2025-06-10T09:13:45","modified_gmt":"2025-06-10T06:13:45","slug":"atcelta-atkartota-verificesana-udens-paterina-skaititajiem","status":"publish","type":"post","link":"https:\/\/vestabaltjums.lv\/en\/jaunumi\/atcelta-atkartota-verificesana-udens-paterina-skaititajiem\/","title":{"rendered":"Atcelta atk\u0101rtot\u0101 verific\u0113\u0161ana \u016bdens pat\u0113ri\u0146a skait\u012bt\u0101jiem"},"content":{"rendered":"<section class=\"vc_row vc_custom_1737452533611 liquid-row-shadowbox-69f344de7d3cf\"><div class=\"ld-container container\"><div class=\"row ld-row ld-row-outer\"><div class=\"wpb_column vc_column_container vc_col-sm-12 vc_col-md-offset-2 vc_col-md-8 liquid-column-69f344de7d9ab\"><div class=\"vc_column-inner\" ><div class=\"wpb_wrapper\"  >\n\t<div class=\"wpb_text_column wpb_content_element\" >\n\t\t<div class=\"wpb_wrapper\">\n\t\t\t<div class=\"root flex article-body-content article-body-content--5\">\n<div class=\"flex--equal-width\">\n<div class=\"article-body\">\n<div class=\"article-body__item article-body__item--htmlElement article-body__item--fs\">\n<p>Ekonomikas ministrija ir pan\u0101kusi b\u016btiskas izmai\u0146as normat\u012bvaj\u0101 regul\u0113jum\u0101, kas tie\u0161i skar daudzdz\u012bvok\u013cu m\u0101ju apsaimnieko\u0161anu un p\u0101rvald\u012b\u0161anu.<\/p>\n<ol start=\"2025\">\n<li>gada 3. j\u016bnij\u0101 vald\u012bba apstiprin\u0101ja groz\u012bjumus:<\/li>\n<\/ol>\n<p>&#8211; <em>Ministru kabineta 2024. gada 14. maija noteikumos Nr. 289\u00a0 \u201cNoteikumi par valsts metrolo\u0123iskajai kontrolei pak\u013cauto m\u0113r\u012b\u0161anas l\u012bdzek\u013cu sarakstu\u201d<\/em>;<\/p>\n<p>&#8211; <em>Ministru kabineta 2008.gada 9.decembra noteikumos Nr. 1013 \u201cK\u0101rt\u012bba, k\u0101d\u0101 dz\u012bvok\u013ca \u012bpa\u0161nieks daudzdz\u012bvok\u013cu dz\u012bvojam\u0101 m\u0101j\u0101 nor\u0113\u0137in\u0101s par pakalpojumiem, kas saist\u012bti ar dz\u012bvok\u013ca \u012bpa\u0161uma lieto\u0161anu\u201d (turpm\u0101k \u2013 Noteikumi Nr.1013);<\/em><\/p>\n<p><em>&#8211; Ministru kabineta 2015. gada 15. septembra noteikumos Nr. 524 \u201cK\u0101rt\u012bba, k\u0101d\u0101 nosaka, apr\u0113\u0137ina un uzskaita katra dz\u012bvojam\u0101s m\u0101jas \u012bpa\u0161nieka maks\u0101jamo da\u013cu par dz\u012bvojam\u0101s m\u0101jas uztur\u0113\u0161anai nepiecie\u0161amajiem pakalpojumiem\u201d (turpm\u0101k \u2013 Noteikumi Nr.524), <\/em>ar kuriem tiek <strong>atcelta atk\u0101rtot\u0101s verific\u0113\u0161anas pras\u012bba \u016bdens pat\u0113ri\u0146a skait\u012bt\u0101jiem dz\u012bvok\u013cos. <\/strong><\/p>\n<p>Saska\u0146\u0101 ar \u0161iem groz\u012bjumiem atk\u0101rtot\u0101s verific\u0113\u0161anas pakalpojums vairs netiek paredz\u0113ts un turpm\u0101k iesp\u0113jams veikt \u016bdens pat\u0113ri\u0146a skait\u012bt\u0101ju verific\u0113\u0161anu tikai nepiecie\u0161am\u012bbas gad\u012bjum\u0101.<\/p>\n<p><strong>Gad\u012bjumos, kad \u016bdens pat\u0113ri\u0146a skait\u012bt\u0101ja atk\u0101rtot\u0101s verific\u0113\u0161anas termi\u0146\u0161 ir beidzies pirms 2025. gada 6. j\u016bnija, bet dz\u012bvok\u013ca \u012bpa\u0161nieks nav veicis \u0161\u012b \u016bdens pat\u0113ri\u0146a skait\u012bt\u0101ja atk\u0101rtoto verific\u0113\u0161anu vai nomai\u0146u, Noteikumi Nr. 1013 un Noteikumi Nr. 524 neparedz maks\u0101jamo da\u013cu noteikt no kop\u0113j\u0101s \u016bdens pat\u0113ri\u0146a starp\u012bbas. Proti, ir at\u013cauta uzst\u0101d\u012bt\u0101 \u016bdens pat\u0113ri\u0146a skait\u012bt\u0101ja turpm\u0101ka lieto\u0161ana un r\u0101d\u012bjumu \u0146em\u0161ana v\u0113r\u0101, ja vien nav \u0161aubas par t\u0101 pareizu darb\u012bbu. Attiec\u012bgi, ja nepiecie\u0161ams, \u016bdens pat\u0113ri\u0146a skait\u012bt\u0101ju verific\u0113 vai nomaina pret citu.<\/strong><\/p>\n<p>Ja dz\u012bvojam\u0101s m\u0101jas p\u0101rvaldniekam rodas \u0161aubas par \u016bdens pat\u0113ri\u0146a skait\u012bt\u0101ja darb\u012bbu, tad ir ties\u012bgs piepras\u012bt \u016bdens pat\u0113ri\u0146a skait\u012bt\u0101ja atk\u0101rtoto verific\u0113\u0161anu (Noteikumu Nr.1013 23.punkts, Noteikumu Nr.524 3.punkts) netie\u0161o nor\u0113\u0137inu gad\u012bjum\u0101 par dz\u012bvok\u013cu \u012bpa\u0161nieku kop\u012bbas l\u012bdzek\u013ciem, tie\u0161o nor\u0113\u0137inu gad\u012bjum\u0101 par attiec\u012bg\u0101s pilnvarot\u0101s personas l\u012bdzek\u013ciem.<\/p>\n<p>Attiec\u012bgi, ja bez atk\u0101rtot\u0101s verific\u0113\u0161anas termi\u0146a beig\u0101m nav cita pamata veikt \u016bdens pat\u0113ri\u0146a skait\u012bt\u0101ja atk\u0101rtoto verific\u0113\u0161anu, tad <strong>s\u0101kot no 2025. gada 6. j\u016bnija dz\u012bvok\u013cos uzst\u0101d\u012btajiem \u016bdens pat\u0113ri\u0146a skait\u012bt\u0101jiem vairs nav j\u0101veic atk\u0101rtot\u0101 verific\u0113\u0161ana un iedz\u012bvot\u0101ji turpina lietot neverific\u0113tus \u016bdens pat\u0113ri\u0146a skait\u012bt\u0101jus.<\/strong><\/p>\n<p>\u0160\u0101da k\u0101rt\u012bba saglab\u0101jas <strong>l\u012bdz dz\u012bvok\u013cu \u012bpa\u0161nieku kop\u012bba pie\u0146em l\u0113mumu par vienotas \u016bdens pat\u0113ri\u0146a uzskaites sist\u0113mas ievie\u0161anu<\/strong> (Noteikumu Nr.1013 14.<sup>1<\/sup>\u00a0punkts, Noteikumu Nr.524 6.<sup>1 <\/sup>punkts):<\/p>\n<ul>\n<li>ar kuru nosaka pras\u012bbas \u016bdens pat\u0113ri\u0146a skait\u012bt\u0101jiem (piem\u0113ram, tehniskajiem parametriem, papildapr\u012bkojumam), kurus par kop\u012bgiem l\u012bdzek\u013ciem ieg\u0101d\u0101sies un uzst\u0101d\u012bs dz\u012bvojam\u0101s m\u0101jas dz\u012bvok\u013cos. Vienlaikus noteiks pras\u012bbas to uzst\u0101d\u012b\u0161anai, ietverot k\u0101rt\u012bbu, k\u0101d\u0101 p\u0101rvaldnieks vai cita pilnvarot\u0101 persona nodro\u0161ina \u016bdens pat\u0113ri\u0146a skait\u012bt\u0101ju uzst\u0101d\u012b\u0161anu, nomai\u0146u un p\u0101rbaudi. \u0160im l\u0113mumam (ja tas nav jau pie\u0146emts) <strong>j\u0101b\u016bt izlemtam l\u012bdz 2027. gada 1. janv\u0101rim<\/strong>, \u0146emot v\u0113r\u0101 ar\u012b p\u0101rvaldnieka veikto ekonomisko izv\u0113rt\u0113jumu (atbilsto\u0161i Ministru kabineta 2020. gada 10. decembra noteikumiem Nr. 730 \u201cEkspluat\u0113jamu \u0113ku energoefektivit\u0101tes minim\u0101l\u0101s pras\u012bbas\u201d) par att\u0101lin\u0101ti nolas\u0101mo \u016bdens pat\u0113ri\u0146a skait\u012bt\u0101ju uzst\u0101d\u012b\u0161anu vis\u0101 daudz\u012bvok\u013cu dz\u012bvojam\u0101 m\u0101j\u0101, nodro\u0161inot atv\u0113rta tipa datu nolas\u012b\u0161anu. T\u0101d\u0113j\u0101di dz\u012bvok\u013cu \u012bpa\u0161nieku kop\u012bbai vienlaikus j\u0101izskata jaut\u0101jums par vienotu \u016bdens pat\u0113ri\u0146a uzskaites sist\u0113mu un vai ir iesp\u0113jams to ieviest, uzst\u0101dot att\u0101lin\u0101ti nolas\u0101mus \u016bdens pat\u0113ri\u0146a skait\u012bt\u0101jus ar atv\u0113rta tipa datu nolas\u012b\u0161anu. Ja tas nav ekonomiski pamatoti, tad izv\u0113las t\u0101dus \u016bdens pat\u0113ri\u0146a skait\u012bt\u0101jus, kas dod ekonomiskus ieguvumus, proti, izv\u0113las optim\u0101l\u0101ko risin\u0101jumu.<\/li>\n<\/ul>\n<p>Daudzdz\u012bvok\u013cu dz\u012bvojamo m\u0101ju ievad\u0101\u00a0 un priv\u0101tm\u0101j\u0101s eso\u0161ajiem \u016bdens pat\u0113ri\u0146a skait\u012bt\u0101jiem (komercskait\u012bt\u0101jiem) oblig\u0101t\u0101 atk\u0101rtot\u0101 verific\u0113\u0161anas pras\u012bba nemain\u0101s.<\/p>\n<p><strong>Aicin\u0101m p\u0101rvaldniekus<\/strong> inform\u0113t dz\u012bvok\u013cu \u012bpa\u0161niekus par veiktaj\u0101m izmai\u0146\u0101m un sagatavoties l\u0113mumu pie\u0146em\u0161anai par vienotas \u016bdens pat\u0113ri\u0146a skait\u012bt\u0101ju sist\u0113mas ievie\u0161anu atbilsto\u0161i normat\u012bvajam regul\u0113jumam.<\/p>\n<p>Ja nepiecie\u0161ama detaliz\u0113t\u0101ka inform\u0101cija, l\u016bdzam sazin\u0101ties ar Ekonomikas ministrijas Konkurences, pat\u0113r\u0113t\u0101ju ties\u012bbu un ilgtsp\u0113j\u012bg\u0101s r\u016bpniec\u012bbas departamenta vec\u0101ko eksperti Inesi Mat\u0113vi\u010du, t\u0101lr. 67013066 vai M\u0101jok\u013cu politikas departamenta vec\u0101ko referenti Madaru Br\u012bveri, t\u0101lr. 67013203.<\/p>\n<\/div>\n<\/div>\n<\/div>\n<\/div>\n\n\t\t<\/div>\n\t<\/div>\n<\/div><\/div><\/div><\/div><\/div><\/section>","protected":false},"excerpt":{"rendered":"Ekonomikas ministrija ir pan\u0101kusi b\u016btiskas izmai\u0146as normat\u012bvaj\u0101 regul\u0113jum\u0101, kas tie\u0161i skar daudzdz\u012bvok\u013cu m\u0101ju apsaimnieko\u0161anu un p\u0101rvald\u012b\u0161anu. gada 3. j\u016bnij\u0101 vald\u012bba apstiprin\u0101ja groz\u012bjumus: - Ministru kabineta 2024. gada 14. maija noteikumos Nr. 289\u00a0 \u201cNoteikumi par valsts metrolo\u0123iskajai kontrolei pak\u013cauto m\u0113r\u012b\u0161anas l\u012bdzek\u013cu sarakstu\u201d; - Ministru kabineta 2008.gada 9.decembra noteikumos Nr. 1013 \u201cK\u0101rt\u012bba, k\u0101d\u0101 dz\u012bvok\u013ca \u012bpa\u0161nieks daudzdz\u012bvok\u013cu dz\u012bvojam\u0101 [...]","protected":false},"author":2,"featured_media":10366,"comment_status":"closed","ping_status":"closed","sticky":false,"template":"","format":"standard","meta":{"footnotes":""},"categories":[25],"tags":[],"class_list":["post-10364","post","type-post","status-publish","format-standard","has-post-thumbnail","hentry","category-jaunumi"],"yoast_head":"<!-- This site is optimized with the Yoast SEO plugin v27.2 - https:\/\/yoast.com\/product\/yoast-seo-wordpress\/ -->\n<title>Atcelta atk\u0101rtot\u0101 verific\u0113\u0161ana \u016bdens pat\u0113ri\u0146a skait\u012bt\u0101jiem - Vestabalt Jums<\/title>\n<meta name=\"robots\" content=\"index, follow, max-snippet:-1, max-image-preview:large, max-video-preview:-1\" \/>\n<link rel=\"canonical\" href=\"https:\/\/vestabaltjums.lv\/en\/jaunumi\/atcelta-atkartota-verificesana-udens-paterina-skaititajiem\/\" \/>\n<meta property=\"og:locale\" content=\"en_GB\" \/>\n<meta property=\"og:type\" content=\"article\" \/>\n<meta property=\"og:title\" content=\"Atcelta atk\u0101rtot\u0101 verific\u0113\u0161ana \u016bdens pat\u0113ri\u0146a skait\u012bt\u0101jiem - Vestabalt Jums\" \/>\n<meta property=\"og:url\" content=\"https:\/\/vestabaltjums.lv\/en\/jaunumi\/atcelta-atkartota-verificesana-udens-paterina-skaititajiem\/\" \/>\n<meta property=\"og:site_name\" content=\"Vestabalt Jums\" \/>\n<meta property=\"article:publisher\" content=\"https:\/\/www.facebook.com\/VestabaltJums\/\" \/>\n<meta property=\"article:published_time\" content=\"2025-06-10T06:13:45+00:00\" \/>\n<meta property=\"og:image\" content=\"https:\/\/vestabaltjums.lv\/wp-content\/uploads\/2025\/06\/cristi-ursea-KdmhM0mgMec-unsplash.jpg\" \/>\n\t<meta property=\"og:image:width\" content=\"3164\" \/>\n\t<meta property=\"og:image:height\" content=\"3164\" \/>\n\t<meta property=\"og:image:type\" content=\"image\/jpeg\" \/>\n<meta name=\"author\" content=\"Herta\" \/>\n<meta name=\"twitter:card\" content=\"summary_large_image\" \/>\n<meta name=\"twitter:label1\" content=\"Written by\" \/>\n\t<meta name=\"twitter:data1\" content=\"Herta\" \/>\n\t<meta name=\"twitter:label2\" content=\"Estimated reading time\" \/>\n\t<meta name=\"twitter:data2\" content=\"4 minutes\" \/>\n<script type=\"application\/ld+json\" class=\"yoast-schema-graph\">{\"@context\":\"https:\/\/schema.org\",\"@graph\":[{\"@type\":\"Article\",\"@id\":\"https:\/\/vestabaltjums.lv\/jaunumi\/atcelta-atkartota-verificesana-udens-paterina-skaititajiem\/#article\",\"isPartOf\":{\"@id\":\"https:\/\/vestabaltjums.lv\/jaunumi\/atcelta-atkartota-verificesana-udens-paterina-skaititajiem\/\"},\"author\":{\"name\":\"Herta\",\"@id\":\"https:\/\/vestabaltjums.lv\/#\/schema\/person\/b670d03646f52ecd4751c539cdc6a5dc\"},\"headline\":\"Atcelta atk\u0101rtot\u0101 verific\u0113\u0161ana \u016bdens pat\u0113ri\u0146a skait\u012bt\u0101jiem\",\"datePublished\":\"2025-06-10T06:13:45+00:00\",\"mainEntityOfPage\":{\"@id\":\"https:\/\/vestabaltjums.lv\/jaunumi\/atcelta-atkartota-verificesana-udens-paterina-skaititajiem\/\"},\"wordCount\":910,\"publisher\":{\"@id\":\"https:\/\/vestabaltjums.lv\/#organization\"},\"image\":{\"@id\":\"https:\/\/vestabaltjums.lv\/jaunumi\/atcelta-atkartota-verificesana-udens-paterina-skaititajiem\/#primaryimage\"},\"thumbnailUrl\":\"https:\/\/vestabaltjums.lv\/wp-content\/uploads\/2025\/06\/cristi-ursea-KdmhM0mgMec-unsplash.jpg\",\"articleSection\":[\"Jaunumi\"],\"inLanguage\":\"en-GB\"},{\"@type\":\"WebPage\",\"@id\":\"https:\/\/vestabaltjums.lv\/jaunumi\/atcelta-atkartota-verificesana-udens-paterina-skaititajiem\/\",\"url\":\"https:\/\/vestabaltjums.lv\/jaunumi\/atcelta-atkartota-verificesana-udens-paterina-skaititajiem\/\",\"name\":\"Atcelta atk\u0101rtot\u0101 verific\u0113\u0161ana \u016bdens pat\u0113ri\u0146a skait\u012bt\u0101jiem - Vestabalt Jums\",\"isPartOf\":{\"@id\":\"https:\/\/vestabaltjums.lv\/#website\"},\"primaryImageOfPage\":{\"@id\":\"https:\/\/vestabaltjums.lv\/jaunumi\/atcelta-atkartota-verificesana-udens-paterina-skaititajiem\/#primaryimage\"},\"image\":{\"@id\":\"https:\/\/vestabaltjums.lv\/jaunumi\/atcelta-atkartota-verificesana-udens-paterina-skaititajiem\/#primaryimage\"},\"thumbnailUrl\":\"https:\/\/vestabaltjums.lv\/wp-content\/uploads\/2025\/06\/cristi-ursea-KdmhM0mgMec-unsplash.jpg\",\"datePublished\":\"2025-06-10T06:13:45+00:00\",\"breadcrumb\":{\"@id\":\"https:\/\/vestabaltjums.lv\/jaunumi\/atcelta-atkartota-verificesana-udens-paterina-skaititajiem\/#breadcrumb\"},\"inLanguage\":\"en-GB\",\"potentialAction\":[{\"@type\":\"ReadAction\",\"target\":[\"https:\/\/vestabaltjums.lv\/jaunumi\/atcelta-atkartota-verificesana-udens-paterina-skaititajiem\/\"]}]},{\"@type\":\"ImageObject\",\"inLanguage\":\"en-GB\",\"@id\":\"https:\/\/vestabaltjums.lv\/jaunumi\/atcelta-atkartota-verificesana-udens-paterina-skaititajiem\/#primaryimage\",\"url\":\"https:\/\/vestabaltjums.lv\/wp-content\/uploads\/2025\/06\/cristi-ursea-KdmhM0mgMec-unsplash.jpg\",\"contentUrl\":\"https:\/\/vestabaltjums.lv\/wp-content\/uploads\/2025\/06\/cristi-ursea-KdmhM0mgMec-unsplash.jpg\",\"width\":3164,\"height\":3164},{\"@type\":\"BreadcrumbList\",\"@id\":\"https:\/\/vestabaltjums.lv\/jaunumi\/atcelta-atkartota-verificesana-udens-paterina-skaititajiem\/#breadcrumb\",\"itemListElement\":[{\"@type\":\"ListItem\",\"position\":1,\"name\":\"Home\",\"item\":\"https:\/\/vestabaltjums.lv\/\"},{\"@type\":\"ListItem\",\"position\":2,\"name\":\"Atcelta atk\u0101rtot\u0101 verific\u0113\u0161ana \u016bdens pat\u0113ri\u0146a skait\u012bt\u0101jiem\"}]},{\"@type\":\"WebSite\",\"@id\":\"https:\/\/vestabaltjums.lv\/#website\",\"url\":\"https:\/\/vestabaltjums.lv\/\",\"name\":\"Vestabalt Jums\",\"description\":\"Pilna servisa \u012bpa\u0161umu apsaimnieko\u0161ana un p\u0101rvald\u012b\u0161ana\",\"publisher\":{\"@id\":\"https:\/\/vestabaltjums.lv\/#organization\"},\"potentialAction\":[{\"@type\":\"SearchAction\",\"target\":{\"@type\":\"EntryPoint\",\"urlTemplate\":\"https:\/\/vestabaltjums.lv\/?s={search_term_string}\"},\"query-input\":{\"@type\":\"PropertyValueSpecification\",\"valueRequired\":true,\"valueName\":\"search_term_string\"}}],\"inLanguage\":\"en-GB\"},{\"@type\":\"Organization\",\"@id\":\"https:\/\/vestabaltjums.lv\/#organization\",\"name\":\"Vestabalt Jums\",\"url\":\"https:\/\/vestabaltjums.lv\/\",\"logo\":{\"@type\":\"ImageObject\",\"inLanguage\":\"en-GB\",\"@id\":\"https:\/\/vestabaltjums.lv\/#\/schema\/logo\/image\/\",\"url\":\"https:\/\/vestabaltjums.lv\/wp-content\/uploads\/2025\/01\/soc_logo.jpg\",\"contentUrl\":\"https:\/\/vestabaltjums.lv\/wp-content\/uploads\/2025\/01\/soc_logo.jpg\",\"width\":696,\"height\":696,\"caption\":\"Vestabalt Jums\"},\"image\":{\"@id\":\"https:\/\/vestabaltjums.lv\/#\/schema\/logo\/image\/\"},\"sameAs\":[\"https:\/\/www.facebook.com\/VestabaltJums\/\"]},{\"@type\":\"Person\",\"@id\":\"https:\/\/vestabaltjums.lv\/#\/schema\/person\/b670d03646f52ecd4751c539cdc6a5dc\",\"name\":\"Herta\",\"image\":{\"@type\":\"ImageObject\",\"inLanguage\":\"en-GB\",\"@id\":\"https:\/\/secure.gravatar.com\/avatar\/c694dc1f791a842c0d12f76cf1dd396068c726252930d75d8832504bad0f0dd4?s=96&d=mm&r=g\",\"url\":\"https:\/\/secure.gravatar.com\/avatar\/c694dc1f791a842c0d12f76cf1dd396068c726252930d75d8832504bad0f0dd4?s=96&d=mm&r=g\",\"contentUrl\":\"https:\/\/secure.gravatar.com\/avatar\/c694dc1f791a842c0d12f76cf1dd396068c726252930d75d8832504bad0f0dd4?s=96&d=mm&r=g\",\"caption\":\"Herta\"},\"url\":\"https:\/\/vestabaltjums.lv\/en\/jaunumi\/author\/herta\/\"}]}<\/script>\n<!-- \/ Yoast SEO plugin. -->","yoast_head_json":{"title":"Atcelta atk\u0101rtot\u0101 verific\u0113\u0161ana \u016bdens pat\u0113ri\u0146a skait\u012bt\u0101jiem - Vestabalt Jums","robots":{"index":"index","follow":"follow","max-snippet":"max-snippet:-1","max-image-preview":"max-image-preview:large","max-video-preview":"max-video-preview:-1"},"canonical":"https:\/\/vestabaltjums.lv\/en\/jaunumi\/atcelta-atkartota-verificesana-udens-paterina-skaititajiem\/","og_locale":"en_GB","og_type":"article","og_title":"Atcelta atk\u0101rtot\u0101 verific\u0113\u0161ana \u016bdens pat\u0113ri\u0146a skait\u012bt\u0101jiem - Vestabalt Jums","og_url":"https:\/\/vestabaltjums.lv\/en\/jaunumi\/atcelta-atkartota-verificesana-udens-paterina-skaititajiem\/","og_site_name":"Vestabalt Jums","article_publisher":"https:\/\/www.facebook.com\/VestabaltJums\/","article_published_time":"2025-06-10T06:13:45+00:00","og_image":[{"width":3164,"height":3164,"url":"https:\/\/vestabaltjums.lv\/wp-content\/uploads\/2025\/06\/cristi-ursea-KdmhM0mgMec-unsplash.jpg","type":"image\/jpeg"}],"author":"Herta","twitter_card":"summary_large_image","twitter_misc":{"Written by":"Herta","Estimated reading time":"4 minutes"},"schema":{"@context":"https:\/\/schema.org","@graph":[{"@type":"Article","@id":"https:\/\/vestabaltjums.lv\/jaunumi\/atcelta-atkartota-verificesana-udens-paterina-skaititajiem\/#article","isPartOf":{"@id":"https:\/\/vestabaltjums.lv\/jaunumi\/atcelta-atkartota-verificesana-udens-paterina-skaititajiem\/"},"author":{"name":"Herta","@id":"https:\/\/vestabaltjums.lv\/#\/schema\/person\/b670d03646f52ecd4751c539cdc6a5dc"},"headline":"Atcelta atk\u0101rtot\u0101 verific\u0113\u0161ana \u016bdens pat\u0113ri\u0146a skait\u012bt\u0101jiem","datePublished":"2025-06-10T06:13:45+00:00","mainEntityOfPage":{"@id":"https:\/\/vestabaltjums.lv\/jaunumi\/atcelta-atkartota-verificesana-udens-paterina-skaititajiem\/"},"wordCount":910,"publisher":{"@id":"https:\/\/vestabaltjums.lv\/#organization"},"image":{"@id":"https:\/\/vestabaltjums.lv\/jaunumi\/atcelta-atkartota-verificesana-udens-paterina-skaititajiem\/#primaryimage"},"thumbnailUrl":"https:\/\/vestabaltjums.lv\/wp-content\/uploads\/2025\/06\/cristi-ursea-KdmhM0mgMec-unsplash.jpg","articleSection":["Jaunumi"],"inLanguage":"en-GB"},{"@type":"WebPage","@id":"https:\/\/vestabaltjums.lv\/jaunumi\/atcelta-atkartota-verificesana-udens-paterina-skaititajiem\/","url":"https:\/\/vestabaltjums.lv\/jaunumi\/atcelta-atkartota-verificesana-udens-paterina-skaititajiem\/","name":"Atcelta atk\u0101rtot\u0101 verific\u0113\u0161ana \u016bdens pat\u0113ri\u0146a skait\u012bt\u0101jiem - Vestabalt Jums","isPartOf":{"@id":"https:\/\/vestabaltjums.lv\/#website"},"primaryImageOfPage":{"@id":"https:\/\/vestabaltjums.lv\/jaunumi\/atcelta-atkartota-verificesana-udens-paterina-skaititajiem\/#primaryimage"},"image":{"@id":"https:\/\/vestabaltjums.lv\/jaunumi\/atcelta-atkartota-verificesana-udens-paterina-skaititajiem\/#primaryimage"},"thumbnailUrl":"https:\/\/vestabaltjums.lv\/wp-content\/uploads\/2025\/06\/cristi-ursea-KdmhM0mgMec-unsplash.jpg","datePublished":"2025-06-10T06:13:45+00:00","breadcrumb":{"@id":"https:\/\/vestabaltjums.lv\/jaunumi\/atcelta-atkartota-verificesana-udens-paterina-skaititajiem\/#breadcrumb"},"inLanguage":"en-GB","potentialAction":[{"@type":"ReadAction","target":["https:\/\/vestabaltjums.lv\/jaunumi\/atcelta-atkartota-verificesana-udens-paterina-skaititajiem\/"]}]},{"@type":"ImageObject","inLanguage":"en-GB","@id":"https:\/\/vestabaltjums.lv\/jaunumi\/atcelta-atkartota-verificesana-udens-paterina-skaititajiem\/#primaryimage","url":"https:\/\/vestabaltjums.lv\/wp-content\/uploads\/2025\/06\/cristi-ursea-KdmhM0mgMec-unsplash.jpg","contentUrl":"https:\/\/vestabaltjums.lv\/wp-content\/uploads\/2025\/06\/cristi-ursea-KdmhM0mgMec-unsplash.jpg","width":3164,"height":3164},{"@type":"BreadcrumbList","@id":"https:\/\/vestabaltjums.lv\/jaunumi\/atcelta-atkartota-verificesana-udens-paterina-skaititajiem\/#breadcrumb","itemListElement":[{"@type":"ListItem","position":1,"name":"Home","item":"https:\/\/vestabaltjums.lv\/"},{"@type":"ListItem","position":2,"name":"Atcelta atk\u0101rtot\u0101 verific\u0113\u0161ana \u016bdens pat\u0113ri\u0146a skait\u012bt\u0101jiem"}]},{"@type":"WebSite","@id":"https:\/\/vestabaltjums.lv\/#website","url":"https:\/\/vestabaltjums.lv\/","name":"Vestabalt Jums","description":"Pilna servisa \u012bpa\u0161umu apsaimnieko\u0161ana un p\u0101rvald\u012b\u0161ana","publisher":{"@id":"https:\/\/vestabaltjums.lv\/#organization"},"potentialAction":[{"@type":"SearchAction","target":{"@type":"EntryPoint","urlTemplate":"https:\/\/vestabaltjums.lv\/?s={search_term_string}"},"query-input":{"@type":"PropertyValueSpecification","valueRequired":true,"valueName":"search_term_string"}}],"inLanguage":"en-GB"},{"@type":"Organization","@id":"https:\/\/vestabaltjums.lv\/#organization","name":"Vestabalt Jums","url":"https:\/\/vestabaltjums.lv\/","logo":{"@type":"ImageObject","inLanguage":"en-GB","@id":"https:\/\/vestabaltjums.lv\/#\/schema\/logo\/image\/","url":"https:\/\/vestabaltjums.lv\/wp-content\/uploads\/2025\/01\/soc_logo.jpg","contentUrl":"https:\/\/vestabaltjums.lv\/wp-content\/uploads\/2025\/01\/soc_logo.jpg","width":696,"height":696,"caption":"Vestabalt Jums"},"image":{"@id":"https:\/\/vestabaltjums.lv\/#\/schema\/logo\/image\/"},"sameAs":["https:\/\/www.facebook.com\/VestabaltJums\/"]},{"@type":"Person","@id":"https:\/\/vestabaltjums.lv\/#\/schema\/person\/b670d03646f52ecd4751c539cdc6a5dc","name":"Herta","image":{"@type":"ImageObject","inLanguage":"en-GB","@id":"https:\/\/secure.gravatar.com\/avatar\/c694dc1f791a842c0d12f76cf1dd396068c726252930d75d8832504bad0f0dd4?s=96&d=mm&r=g","url":"https:\/\/secure.gravatar.com\/avatar\/c694dc1f791a842c0d12f76cf1dd396068c726252930d75d8832504bad0f0dd4?s=96&d=mm&r=g","contentUrl":"https:\/\/secure.gravatar.com\/avatar\/c694dc1f791a842c0d12f76cf1dd396068c726252930d75d8832504bad0f0dd4?s=96&d=mm&r=g","caption":"Herta"},"url":"https:\/\/vestabaltjums.lv\/en\/jaunumi\/author\/herta\/"}]}},"_links":{"self":[{"href":"https:\/\/vestabaltjums.lv\/en\/wp-json\/wp\/v2\/posts\/10364","targetHints":{"allow":["GET"]}}],"collection":[{"href":"https:\/\/vestabaltjums.lv\/en\/wp-json\/wp\/v2\/posts"}],"about":[{"href":"https:\/\/vestabaltjums.lv\/en\/wp-json\/wp\/v2\/types\/post"}],"author":[{"embeddable":true,"href":"https:\/\/vestabaltjums.lv\/en\/wp-json\/wp\/v2\/users\/2"}],"replies":[{"embeddable":true,"href":"https:\/\/vestabaltjums.lv\/en\/wp-json\/wp\/v2\/comments?post=10364"}],"version-history":[{"count":0,"href":"https:\/\/vestabaltjums.lv\/en\/wp-json\/wp\/v2\/posts\/10364\/revisions"}],"wp:featuredmedia":[{"embeddable":true,"href":"https:\/\/vestabaltjums.lv\/en\/wp-json\/wp\/v2\/media\/10366"}],"wp:attachment":[{"href":"https:\/\/vestabaltjums.lv\/en\/wp-json\/wp\/v2\/media?parent=10364"}],"wp:term":[{"taxonomy":"category","embeddable":true,"href":"https:\/\/vestabaltjums.lv\/en\/wp-json\/wp\/v2\/categories?post=10364"},{"taxonomy":"post_tag","embeddable":true,"href":"https:\/\/vestabaltjums.lv\/en\/wp-json\/wp\/v2\/tags?post=10364"}],"curies":[{"name":"wp","href":"https:\/\/api.w.org\/{rel}","templated":true}]}}