{"id":10509,"date":"2025-09-30T15:16:54","date_gmt":"2025-09-30T12:16:54","guid":{"rendered":"https:\/\/vestabaltjums.lv\/?p=10509"},"modified":"2025-09-30T15:16:54","modified_gmt":"2025-09-30T12:16:54","slug":"atskats-uz-lielako-vacijas-tirisanas-higienas-un-eku-apsaimniekosanas-izstadi","status":"publish","type":"post","link":"https:\/\/vestabaltjums.lv\/en\/jaunumi\/atskats-uz-lielako-vacijas-tirisanas-higienas-un-eku-apsaimniekosanas-izstadi\/","title":{"rendered":"Atskats uz liel\u0101ko V\u0101cijas t\u012br\u012b\u0161anas, higi\u0113nas un \u0113ku apsaimnieko\u0161anas izst\u0101di."},"content":{"rendered":"<section class=\"vc_row vc_custom_1737452533611 liquid-row-shadowbox-69f3c84a0f880\"><div class=\"ld-container container\"><div class=\"row ld-row ld-row-outer\"><div class=\"wpb_column vc_column_container vc_col-sm-12 vc_col-md-offset-2 vc_col-md-8 liquid-column-69f3c84a0ff57\"><div class=\"vc_column-inner\" ><div class=\"wpb_wrapper\"  >\n\t<div class=\"wpb_text_column wpb_content_element\" >\n\t\t<div class=\"wpb_wrapper\">\n\t\t\t<p><strong>SIA \u201cVestabalt\u201d apsaimnieko\u0161anas komanda septembr\u012b dev\u0101s uz starptautisko izst\u0101di Berl\u012bn\u0113<\/strong>, kas velt\u012bta t\u012br\u012b\u0161anas, higi\u0113nas un \u0113ku apsaimnieko\u0161anas jaun\u0101kaj\u0101m tendenc\u0113m.<\/p>\n<p>Jau pa\u0161\u0101 s\u0101kum\u0101 m\u016bs p\u0101rsteidza izst\u0101des v\u0113rien\u012bgums \u2013 ekspoz\u012bcijas atrad\u0101s ne tikai hall\u0113s, bet ar\u012b \u0101r\u0101, kur bija izvietoti iespaid\u012bgi stendi ar lielizm\u0113ra tehniku un bija iesp\u0113jams v\u0113rot ar\u012b paraugdemonstr\u0101cijas \u2013 logu mazg\u0101\u0161anu, augstspiediena iek\u0101rtu darb\u012bbu.<\/p>\n<p><strong>Galvenie akcenti<\/strong><\/p>\n<p>\u013boti pla\u0161i bija p\u0101rst\u0101v\u0113ta profesion\u0101l\u0101s uzkop\u0161anas tehnika \u2013 mazg\u0101\u0161anas ma\u0161\u012bnas, roboti, pat droni. B\u016btiski, ka l\u012bdz\u0101s tradicion\u0101li augstv\u0113rt\u012bgajiem v\u0101cu ra\u017eot\u0101jiem arvien akt\u012bv\u0101k konkur\u0113 ar\u012b \u0136\u012bnas, Korejas un Ukrainas uz\u0146\u0113mumi, kas pied\u0101v\u0101 l\u012bdz\u012bgus mode\u013cus par zem\u0101k\u0101m cen\u0101m. Tom\u0113r \u0161eit rodas jaut\u0101jums par garantijas servisu un rezerves da\u013cu pieejam\u012bbu Latvij\u0101.<\/p>\n<p>M\u016bsdienu tehnolo\u0123ijas \u013cauj robotiz\u0113ti t\u012br\u012bt gandr\u012bz jebkuru virsmu \u2013 logus, saules pane\u013cus, gr\u012bdas u.c. Liel\u0101kajai da\u013cai jaun\u0101s paaudzes tehnikas rakstur\u012bga viegla manevr\u0113\u0161ana, vair\u0101ku birstu sist\u0113mas un vienk\u0101r\u0161a vad\u012bba, kas piel\u0101gota ar\u012b darbiniekiem bez iepriek\u0161\u0113jas pieredzes. Pat\u012bkami, ka gandr\u012bz katr\u0101 stend\u0101 bija iesp\u0113ja pa\u0161iem izm\u0113\u0123in\u0101t iek\u0101rtas, ieg\u016bt materi\u0101lus un nodibin\u0101t kontaktus.<\/p>\n<p><strong>Mums iev\u0113r\u012bbas cien\u012bg\u0101k\u0101s inov\u0101cijas<\/strong><\/p>\n<ol>\n<li><strong>Fas\u0101\u017eu un logu mazg\u0101\u0161ana ar dronu<\/strong> \u2013 demonstr\u0101cija pulc\u0113ja lielu interesi, ta\u010du mums rad\u0101s jaut\u0101jums, vai Latvijas regul\u0113jums \u0161\u0101du dronu izmanto\u0161anu visp\u0101r pie\u013cautu pils\u0113t\u0101s un aizliegtaj\u0101s zon\u0101s.<\/li>\n<\/ol>\n<p><img decoding=\"async\" class=\"alignnone wp-image-10511 size-full\" src=\"https:\/\/vestabaltjums.lv\/wp-content\/uploads\/2025\/09\/Picture1123.jpg\" alt=\"\" width=\"680\" height=\"510\" srcset=\"https:\/\/vestabaltjums.lv\/wp-content\/uploads\/2025\/09\/Picture1123.jpg 680w, https:\/\/vestabaltjums.lv\/wp-content\/uploads\/2025\/09\/Picture1123-300x225.jpg 300w, https:\/\/vestabaltjums.lv\/wp-content\/uploads\/2025\/09\/Picture1123-16x12.jpg 16w\" sizes=\"(max-width: 680px) 100vw, 680px\" \/><\/p>\n<p><img decoding=\"async\" class=\"wp-image-10512 size-full aligncenter\" src=\"https:\/\/vestabaltjums.lv\/wp-content\/uploads\/2025\/09\/Picture2123.png\" alt=\"\" width=\"257\" height=\"259\" srcset=\"https:\/\/vestabaltjums.lv\/wp-content\/uploads\/2025\/09\/Picture2123.png 257w, https:\/\/vestabaltjums.lv\/wp-content\/uploads\/2025\/09\/Picture2123-150x150.png 150w, https:\/\/vestabaltjums.lv\/wp-content\/uploads\/2025\/09\/Picture2123-12x12.png 12w\" sizes=\"(max-width: 257px) 100vw, 257px\" \/><\/p>\n<p>2. Mobil\u0101<strong> fas\u0101\u017eu un ietvju mazg\u0101\u0161anas piekabe<\/strong> \u2013 eko tehnolo\u0123ija, ko var pievienot automa\u0161\u012bnai, izmantot \u0161aur\u0101s viet\u0101s un kas neprasa piesl\u0113gumu pie \u016bdens \u0146em\u0161anas vietas.<\/p>\n<p><iframe title=\"CSM Berlin - 1. diena\" width=\"563\" height=\"1000\" src=\"https:\/\/www.youtube.com\/embed\/Soebay8KXlw?feature=oembed\" frameborder=\"0\" allow=\"accelerometer; autoplay; clipboard-write; encrypted-media; gyroscope; picture-in-picture; web-share\" referrerpolicy=\"strict-origin-when-cross-origin\" allowfullscreen><\/iframe><\/p>\n<p><a href=\"https:\/\/youtube.com\/shorts\/Soebay8KXlw\">https:\/\/youtube.com\/shorts\/Soebay8KXlw<\/a><\/p>\n<p><iframe title=\"CSM Berlin - 2. diena\" width=\"563\" height=\"1000\" src=\"https:\/\/www.youtube.com\/embed\/EEeWBZD6Wso?feature=oembed\" frameborder=\"0\" allow=\"accelerometer; autoplay; clipboard-write; encrypted-media; gyroscope; picture-in-picture; web-share\" referrerpolicy=\"strict-origin-when-cross-origin\" allowfullscreen><\/iframe><\/p>\n<p><strong>Sadz\u012bves \u0137\u012bmija \u2013 ar skatu uz BIO<\/strong><\/p>\n<p>Otra liel\u0101k\u0101 izst\u0101des da\u013ca bija velt\u012bta sadz\u012bves \u0137\u012bmijai, un \u0161eit domin\u0113ja biolo\u0123iski draudz\u012bgi risin\u0101jumi. \u012apa\u0161i interesants bija <strong>granulu veida t\u012br\u012b\u0161anas l\u012bdzeklis<\/strong>, kas sajaucot ar \u016bdeni k\u013c\u016bst par gatavu \u0161\u0137idrumu \u2013 kompakts uzglab\u0101\u0161an\u0101 un transport\u0113\u0161an\u0101. <strong>Komposta \u0137\u012bmija<\/strong>, kur ferment\u0101cijas rezult\u0101t\u0101 ieg\u016btais \u0161\u0137idrums tiek izmantots k\u0101 t\u012br\u012b\u0161anas l\u012bdzeklis. Paman\u012bj\u0101m jaunus risin\u0101jumus grafiti no\u0146em\u0161anai, augstas koncentr\u0101cijas l\u012bdzek\u013ci nelielos tilpumos, k\u0101 ar\u012b BIO atkritumu maisu pla\u0161\u0101ka izmanto\u0161ana nek\u0101 Latvij\u0101.<\/p>\n<p>Arvien liel\u0101ka uzman\u012bba tiek piev\u0113rsta atkritumu \u0161\u0137iro\u0161anai. Piem\u0113ram, V\u0101cij\u0101 Restm\u00fcll konteineros non\u0101k tikai tas, ko vairs nav iesp\u0113jams p\u0101rstr\u0101d\u0101t: net\u012brs pap\u012brs, putek\u013cu maisi, salvetes, higi\u0113nas preces u.c. \u0160ie atkritumi tiek ievietoti melnajos vai pel\u0113kajos konteineros.<\/p>\n<p><strong>Digitaliz\u0101cija uzkop\u0161anas servis\u0101<\/strong><\/p>\n<p>Arvien vair\u0101k uz\u0146\u0113mumu ievie\u0161 digit\u0101lus r\u012bkus \u2013 apkop\u0113ju uzskaiti, darba grafikus un atskai\u0161u sagatavo\u0161anu tie\u0161i no objekta, kas b\u016btiski pa\u0101trina darba pl\u0101no\u0161anu un komunik\u0101ciju.<\/p>\n<p><strong>Nosl\u0113gum\u0101<\/strong><\/p>\n<p>Izst\u0101de bija lieliski organiz\u0113ta \u2013 \u0101r\u0101 notika tehnikas demonstr\u0101cijas, bet iek\u0161telp\u0101s, neskatoties uz apmekl\u0113t\u0101ju skaitu, nebija ne gr\u016bst\u012b\u0161an\u0101s, ne saspiest\u012bbas. \u0112rti bija atv\u0113l\u0113tas zonas \u0113\u0161anai, \u201cklus\u0101 z\u0101le\u201d sarun\u0101m un tik\u0161an\u0101s reiz\u0113m, k\u0101 ar\u012b \u201cSpeaker Corner\u201d priek\u0161las\u012bjumiem. Vien\u012bgais m\u012bnuss \u2013 liela da\u013ca inform\u0101cijas pieejama tikai v\u0101cu valod\u0101.<\/p>\n<p><a href=\"https:\/\/ktvworkingdrone.com\/were-coming-to-cms-berlin-2025\/\">https:\/\/ktvworkingdrone.com\/were-coming-to-cms-berlin-2025\/<\/a><\/p>\n\n\t\t<\/div>\n\t<\/div>\n<\/div><\/div><\/div><\/div><\/div><\/section>","protected":false},"excerpt":{"rendered":"SIA \u201cVestabalt\u201d apsaimnieko\u0161anas komanda septembr\u012b dev\u0101s uz starptautisko izst\u0101di Berl\u012bn\u0113, kas velt\u012bta t\u012br\u012b\u0161anas, higi\u0113nas un \u0113ku apsaimnieko\u0161anas jaun\u0101kaj\u0101m tendenc\u0113m. Jau pa\u0161\u0101 s\u0101kum\u0101 m\u016bs p\u0101rsteidza izst\u0101des v\u0113rien\u012bgums \u2013 ekspoz\u012bcijas atrad\u0101s ne tikai hall\u0113s, bet ar\u012b \u0101r\u0101, kur bija izvietoti iespaid\u012bgi stendi ar lielizm\u0113ra tehniku un bija iesp\u0113jams v\u0113rot ar\u012b paraugdemonstr\u0101cijas \u2013 logu mazg\u0101\u0161anu, augstspiediena iek\u0101rtu darb\u012bbu. [...]","protected":false},"author":2,"featured_media":10510,"comment_status":"closed","ping_status":"closed","sticky":false,"template":"","format":"standard","meta":{"footnotes":""},"categories":[25],"tags":[],"class_list":["post-10509","post","type-post","status-publish","format-standard","has-post-thumbnail","hentry","category-jaunumi"],"yoast_head":"<!-- This site is optimized with the Yoast SEO plugin v27.2 - https:\/\/yoast.com\/product\/yoast-seo-wordpress\/ -->\n<title>Atskats uz liel\u0101ko V\u0101cijas t\u012br\u012b\u0161anas, higi\u0113nas un \u0113ku apsaimnieko\u0161anas izst\u0101di. - Vestabalt Jums<\/title>\n<meta name=\"robots\" content=\"index, follow, max-snippet:-1, max-image-preview:large, max-video-preview:-1\" \/>\n<link rel=\"canonical\" href=\"https:\/\/vestabaltjums.lv\/en\/jaunumi\/atskats-uz-lielako-vacijas-tirisanas-higienas-un-eku-apsaimniekosanas-izstadi\/\" \/>\n<meta property=\"og:locale\" content=\"en_GB\" \/>\n<meta property=\"og:type\" content=\"article\" \/>\n<meta property=\"og:title\" content=\"Atskats uz liel\u0101ko V\u0101cijas t\u012br\u012b\u0161anas, higi\u0113nas un \u0113ku apsaimnieko\u0161anas izst\u0101di. - Vestabalt Jums\" \/>\n<meta property=\"og:url\" content=\"https:\/\/vestabaltjums.lv\/en\/jaunumi\/atskats-uz-lielako-vacijas-tirisanas-higienas-un-eku-apsaimniekosanas-izstadi\/\" \/>\n<meta property=\"og:site_name\" content=\"Vestabalt Jums\" \/>\n<meta property=\"article:publisher\" content=\"https:\/\/www.facebook.com\/VestabaltJums\/\" \/>\n<meta property=\"article:published_time\" content=\"2025-09-30T12:16:54+00:00\" \/>\n<meta property=\"og:image\" content=\"https:\/\/vestabaltjums.lv\/wp-content\/uploads\/2025\/09\/Ekranuznemums-2025-09-30-150304.png\" \/>\n\t<meta property=\"og:image:width\" content=\"715\" \/>\n\t<meta property=\"og:image:height\" content=\"290\" \/>\n\t<meta property=\"og:image:type\" content=\"image\/png\" \/>\n<meta name=\"author\" content=\"Herta\" \/>\n<meta name=\"twitter:card\" content=\"summary_large_image\" \/>\n<meta name=\"twitter:label1\" content=\"Written by\" \/>\n\t<meta name=\"twitter:data1\" content=\"Herta\" \/>\n\t<meta name=\"twitter:label2\" content=\"Estimated reading time\" \/>\n\t<meta name=\"twitter:data2\" content=\"3 minutes\" \/>\n<script type=\"application\/ld+json\" class=\"yoast-schema-graph\">{\"@context\":\"https:\/\/schema.org\",\"@graph\":[{\"@type\":\"Article\",\"@id\":\"https:\/\/vestabaltjums.lv\/jaunumi\/atskats-uz-lielako-vacijas-tirisanas-higienas-un-eku-apsaimniekosanas-izstadi\/#article\",\"isPartOf\":{\"@id\":\"https:\/\/vestabaltjums.lv\/jaunumi\/atskats-uz-lielako-vacijas-tirisanas-higienas-un-eku-apsaimniekosanas-izstadi\/\"},\"author\":{\"name\":\"Herta\",\"@id\":\"https:\/\/vestabaltjums.lv\/#\/schema\/person\/b670d03646f52ecd4751c539cdc6a5dc\"},\"headline\":\"Atskats uz liel\u0101ko V\u0101cijas t\u012br\u012b\u0161anas, higi\u0113nas un \u0113ku apsaimnieko\u0161anas izst\u0101di.\",\"datePublished\":\"2025-09-30T12:16:54+00:00\",\"mainEntityOfPage\":{\"@id\":\"https:\/\/vestabaltjums.lv\/jaunumi\/atskats-uz-lielako-vacijas-tirisanas-higienas-un-eku-apsaimniekosanas-izstadi\/\"},\"wordCount\":657,\"publisher\":{\"@id\":\"https:\/\/vestabaltjums.lv\/#organization\"},\"image\":{\"@id\":\"https:\/\/vestabaltjums.lv\/jaunumi\/atskats-uz-lielako-vacijas-tirisanas-higienas-un-eku-apsaimniekosanas-izstadi\/#primaryimage\"},\"thumbnailUrl\":\"https:\/\/vestabaltjums.lv\/wp-content\/uploads\/2025\/09\/Ekranuznemums-2025-09-30-150304.png\",\"articleSection\":[\"Jaunumi\"],\"inLanguage\":\"en-GB\"},{\"@type\":\"WebPage\",\"@id\":\"https:\/\/vestabaltjums.lv\/jaunumi\/atskats-uz-lielako-vacijas-tirisanas-higienas-un-eku-apsaimniekosanas-izstadi\/\",\"url\":\"https:\/\/vestabaltjums.lv\/jaunumi\/atskats-uz-lielako-vacijas-tirisanas-higienas-un-eku-apsaimniekosanas-izstadi\/\",\"name\":\"Atskats uz liel\u0101ko V\u0101cijas t\u012br\u012b\u0161anas, higi\u0113nas un \u0113ku apsaimnieko\u0161anas izst\u0101di. - Vestabalt Jums\",\"isPartOf\":{\"@id\":\"https:\/\/vestabaltjums.lv\/#website\"},\"primaryImageOfPage\":{\"@id\":\"https:\/\/vestabaltjums.lv\/jaunumi\/atskats-uz-lielako-vacijas-tirisanas-higienas-un-eku-apsaimniekosanas-izstadi\/#primaryimage\"},\"image\":{\"@id\":\"https:\/\/vestabaltjums.lv\/jaunumi\/atskats-uz-lielako-vacijas-tirisanas-higienas-un-eku-apsaimniekosanas-izstadi\/#primaryimage\"},\"thumbnailUrl\":\"https:\/\/vestabaltjums.lv\/wp-content\/uploads\/2025\/09\/Ekranuznemums-2025-09-30-150304.png\",\"datePublished\":\"2025-09-30T12:16:54+00:00\",\"breadcrumb\":{\"@id\":\"https:\/\/vestabaltjums.lv\/jaunumi\/atskats-uz-lielako-vacijas-tirisanas-higienas-un-eku-apsaimniekosanas-izstadi\/#breadcrumb\"},\"inLanguage\":\"en-GB\",\"potentialAction\":[{\"@type\":\"ReadAction\",\"target\":[\"https:\/\/vestabaltjums.lv\/jaunumi\/atskats-uz-lielako-vacijas-tirisanas-higienas-un-eku-apsaimniekosanas-izstadi\/\"]}]},{\"@type\":\"ImageObject\",\"inLanguage\":\"en-GB\",\"@id\":\"https:\/\/vestabaltjums.lv\/jaunumi\/atskats-uz-lielako-vacijas-tirisanas-higienas-un-eku-apsaimniekosanas-izstadi\/#primaryimage\",\"url\":\"https:\/\/vestabaltjums.lv\/wp-content\/uploads\/2025\/09\/Ekranuznemums-2025-09-30-150304.png\",\"contentUrl\":\"https:\/\/vestabaltjums.lv\/wp-content\/uploads\/2025\/09\/Ekranuznemums-2025-09-30-150304.png\",\"width\":715,\"height\":290},{\"@type\":\"BreadcrumbList\",\"@id\":\"https:\/\/vestabaltjums.lv\/jaunumi\/atskats-uz-lielako-vacijas-tirisanas-higienas-un-eku-apsaimniekosanas-izstadi\/#breadcrumb\",\"itemListElement\":[{\"@type\":\"ListItem\",\"position\":1,\"name\":\"Home\",\"item\":\"https:\/\/vestabaltjums.lv\/\"},{\"@type\":\"ListItem\",\"position\":2,\"name\":\"Atskats uz liel\u0101ko V\u0101cijas t\u012br\u012b\u0161anas, higi\u0113nas un \u0113ku apsaimnieko\u0161anas izst\u0101di.\"}]},{\"@type\":\"WebSite\",\"@id\":\"https:\/\/vestabaltjums.lv\/#website\",\"url\":\"https:\/\/vestabaltjums.lv\/\",\"name\":\"Vestabalt Jums\",\"description\":\"Pilna servisa \u012bpa\u0161umu apsaimnieko\u0161ana un p\u0101rvald\u012b\u0161ana\",\"publisher\":{\"@id\":\"https:\/\/vestabaltjums.lv\/#organization\"},\"potentialAction\":[{\"@type\":\"SearchAction\",\"target\":{\"@type\":\"EntryPoint\",\"urlTemplate\":\"https:\/\/vestabaltjums.lv\/?s={search_term_string}\"},\"query-input\":{\"@type\":\"PropertyValueSpecification\",\"valueRequired\":true,\"valueName\":\"search_term_string\"}}],\"inLanguage\":\"en-GB\"},{\"@type\":\"Organization\",\"@id\":\"https:\/\/vestabaltjums.lv\/#organization\",\"name\":\"Vestabalt Jums\",\"url\":\"https:\/\/vestabaltjums.lv\/\",\"logo\":{\"@type\":\"ImageObject\",\"inLanguage\":\"en-GB\",\"@id\":\"https:\/\/vestabaltjums.lv\/#\/schema\/logo\/image\/\",\"url\":\"https:\/\/vestabaltjums.lv\/wp-content\/uploads\/2025\/01\/soc_logo.jpg\",\"contentUrl\":\"https:\/\/vestabaltjums.lv\/wp-content\/uploads\/2025\/01\/soc_logo.jpg\",\"width\":696,\"height\":696,\"caption\":\"Vestabalt Jums\"},\"image\":{\"@id\":\"https:\/\/vestabaltjums.lv\/#\/schema\/logo\/image\/\"},\"sameAs\":[\"https:\/\/www.facebook.com\/VestabaltJums\/\"]},{\"@type\":\"Person\",\"@id\":\"https:\/\/vestabaltjums.lv\/#\/schema\/person\/b670d03646f52ecd4751c539cdc6a5dc\",\"name\":\"Herta\",\"image\":{\"@type\":\"ImageObject\",\"inLanguage\":\"en-GB\",\"@id\":\"https:\/\/secure.gravatar.com\/avatar\/c694dc1f791a842c0d12f76cf1dd396068c726252930d75d8832504bad0f0dd4?s=96&d=mm&r=g\",\"url\":\"https:\/\/secure.gravatar.com\/avatar\/c694dc1f791a842c0d12f76cf1dd396068c726252930d75d8832504bad0f0dd4?s=96&d=mm&r=g\",\"contentUrl\":\"https:\/\/secure.gravatar.com\/avatar\/c694dc1f791a842c0d12f76cf1dd396068c726252930d75d8832504bad0f0dd4?s=96&d=mm&r=g\",\"caption\":\"Herta\"},\"url\":\"https:\/\/vestabaltjums.lv\/en\/jaunumi\/author\/herta\/\"}]}<\/script>\n<!-- \/ Yoast SEO plugin. -->","yoast_head_json":{"title":"Atskats uz liel\u0101ko V\u0101cijas t\u012br\u012b\u0161anas, higi\u0113nas un \u0113ku apsaimnieko\u0161anas izst\u0101di. - Vestabalt Jums","robots":{"index":"index","follow":"follow","max-snippet":"max-snippet:-1","max-image-preview":"max-image-preview:large","max-video-preview":"max-video-preview:-1"},"canonical":"https:\/\/vestabaltjums.lv\/en\/jaunumi\/atskats-uz-lielako-vacijas-tirisanas-higienas-un-eku-apsaimniekosanas-izstadi\/","og_locale":"en_GB","og_type":"article","og_title":"Atskats uz liel\u0101ko V\u0101cijas t\u012br\u012b\u0161anas, higi\u0113nas un \u0113ku apsaimnieko\u0161anas izst\u0101di. - Vestabalt Jums","og_url":"https:\/\/vestabaltjums.lv\/en\/jaunumi\/atskats-uz-lielako-vacijas-tirisanas-higienas-un-eku-apsaimniekosanas-izstadi\/","og_site_name":"Vestabalt Jums","article_publisher":"https:\/\/www.facebook.com\/VestabaltJums\/","article_published_time":"2025-09-30T12:16:54+00:00","og_image":[{"width":715,"height":290,"url":"https:\/\/vestabaltjums.lv\/wp-content\/uploads\/2025\/09\/Ekranuznemums-2025-09-30-150304.png","type":"image\/png"}],"author":"Herta","twitter_card":"summary_large_image","twitter_misc":{"Written by":"Herta","Estimated reading time":"3 minutes"},"schema":{"@context":"https:\/\/schema.org","@graph":[{"@type":"Article","@id":"https:\/\/vestabaltjums.lv\/jaunumi\/atskats-uz-lielako-vacijas-tirisanas-higienas-un-eku-apsaimniekosanas-izstadi\/#article","isPartOf":{"@id":"https:\/\/vestabaltjums.lv\/jaunumi\/atskats-uz-lielako-vacijas-tirisanas-higienas-un-eku-apsaimniekosanas-izstadi\/"},"author":{"name":"Herta","@id":"https:\/\/vestabaltjums.lv\/#\/schema\/person\/b670d03646f52ecd4751c539cdc6a5dc"},"headline":"Atskats uz liel\u0101ko V\u0101cijas t\u012br\u012b\u0161anas, higi\u0113nas un \u0113ku apsaimnieko\u0161anas izst\u0101di.","datePublished":"2025-09-30T12:16:54+00:00","mainEntityOfPage":{"@id":"https:\/\/vestabaltjums.lv\/jaunumi\/atskats-uz-lielako-vacijas-tirisanas-higienas-un-eku-apsaimniekosanas-izstadi\/"},"wordCount":657,"publisher":{"@id":"https:\/\/vestabaltjums.lv\/#organization"},"image":{"@id":"https:\/\/vestabaltjums.lv\/jaunumi\/atskats-uz-lielako-vacijas-tirisanas-higienas-un-eku-apsaimniekosanas-izstadi\/#primaryimage"},"thumbnailUrl":"https:\/\/vestabaltjums.lv\/wp-content\/uploads\/2025\/09\/Ekranuznemums-2025-09-30-150304.png","articleSection":["Jaunumi"],"inLanguage":"en-GB"},{"@type":"WebPage","@id":"https:\/\/vestabaltjums.lv\/jaunumi\/atskats-uz-lielako-vacijas-tirisanas-higienas-un-eku-apsaimniekosanas-izstadi\/","url":"https:\/\/vestabaltjums.lv\/jaunumi\/atskats-uz-lielako-vacijas-tirisanas-higienas-un-eku-apsaimniekosanas-izstadi\/","name":"Atskats uz liel\u0101ko V\u0101cijas t\u012br\u012b\u0161anas, higi\u0113nas un \u0113ku apsaimnieko\u0161anas izst\u0101di. - Vestabalt Jums","isPartOf":{"@id":"https:\/\/vestabaltjums.lv\/#website"},"primaryImageOfPage":{"@id":"https:\/\/vestabaltjums.lv\/jaunumi\/atskats-uz-lielako-vacijas-tirisanas-higienas-un-eku-apsaimniekosanas-izstadi\/#primaryimage"},"image":{"@id":"https:\/\/vestabaltjums.lv\/jaunumi\/atskats-uz-lielako-vacijas-tirisanas-higienas-un-eku-apsaimniekosanas-izstadi\/#primaryimage"},"thumbnailUrl":"https:\/\/vestabaltjums.lv\/wp-content\/uploads\/2025\/09\/Ekranuznemums-2025-09-30-150304.png","datePublished":"2025-09-30T12:16:54+00:00","breadcrumb":{"@id":"https:\/\/vestabaltjums.lv\/jaunumi\/atskats-uz-lielako-vacijas-tirisanas-higienas-un-eku-apsaimniekosanas-izstadi\/#breadcrumb"},"inLanguage":"en-GB","potentialAction":[{"@type":"ReadAction","target":["https:\/\/vestabaltjums.lv\/jaunumi\/atskats-uz-lielako-vacijas-tirisanas-higienas-un-eku-apsaimniekosanas-izstadi\/"]}]},{"@type":"ImageObject","inLanguage":"en-GB","@id":"https:\/\/vestabaltjums.lv\/jaunumi\/atskats-uz-lielako-vacijas-tirisanas-higienas-un-eku-apsaimniekosanas-izstadi\/#primaryimage","url":"https:\/\/vestabaltjums.lv\/wp-content\/uploads\/2025\/09\/Ekranuznemums-2025-09-30-150304.png","contentUrl":"https:\/\/vestabaltjums.lv\/wp-content\/uploads\/2025\/09\/Ekranuznemums-2025-09-30-150304.png","width":715,"height":290},{"@type":"BreadcrumbList","@id":"https:\/\/vestabaltjums.lv\/jaunumi\/atskats-uz-lielako-vacijas-tirisanas-higienas-un-eku-apsaimniekosanas-izstadi\/#breadcrumb","itemListElement":[{"@type":"ListItem","position":1,"name":"Home","item":"https:\/\/vestabaltjums.lv\/"},{"@type":"ListItem","position":2,"name":"Atskats uz liel\u0101ko V\u0101cijas t\u012br\u012b\u0161anas, higi\u0113nas un \u0113ku apsaimnieko\u0161anas izst\u0101di."}]},{"@type":"WebSite","@id":"https:\/\/vestabaltjums.lv\/#website","url":"https:\/\/vestabaltjums.lv\/","name":"Vestabalt Jums","description":"Pilna servisa \u012bpa\u0161umu apsaimnieko\u0161ana un p\u0101rvald\u012b\u0161ana","publisher":{"@id":"https:\/\/vestabaltjums.lv\/#organization"},"potentialAction":[{"@type":"SearchAction","target":{"@type":"EntryPoint","urlTemplate":"https:\/\/vestabaltjums.lv\/?s={search_term_string}"},"query-input":{"@type":"PropertyValueSpecification","valueRequired":true,"valueName":"search_term_string"}}],"inLanguage":"en-GB"},{"@type":"Organization","@id":"https:\/\/vestabaltjums.lv\/#organization","name":"Vestabalt Jums","url":"https:\/\/vestabaltjums.lv\/","logo":{"@type":"ImageObject","inLanguage":"en-GB","@id":"https:\/\/vestabaltjums.lv\/#\/schema\/logo\/image\/","url":"https:\/\/vestabaltjums.lv\/wp-content\/uploads\/2025\/01\/soc_logo.jpg","contentUrl":"https:\/\/vestabaltjums.lv\/wp-content\/uploads\/2025\/01\/soc_logo.jpg","width":696,"height":696,"caption":"Vestabalt Jums"},"image":{"@id":"https:\/\/vestabaltjums.lv\/#\/schema\/logo\/image\/"},"sameAs":["https:\/\/www.facebook.com\/VestabaltJums\/"]},{"@type":"Person","@id":"https:\/\/vestabaltjums.lv\/#\/schema\/person\/b670d03646f52ecd4751c539cdc6a5dc","name":"Herta","image":{"@type":"ImageObject","inLanguage":"en-GB","@id":"https:\/\/secure.gravatar.com\/avatar\/c694dc1f791a842c0d12f76cf1dd396068c726252930d75d8832504bad0f0dd4?s=96&d=mm&r=g","url":"https:\/\/secure.gravatar.com\/avatar\/c694dc1f791a842c0d12f76cf1dd396068c726252930d75d8832504bad0f0dd4?s=96&d=mm&r=g","contentUrl":"https:\/\/secure.gravatar.com\/avatar\/c694dc1f791a842c0d12f76cf1dd396068c726252930d75d8832504bad0f0dd4?s=96&d=mm&r=g","caption":"Herta"},"url":"https:\/\/vestabaltjums.lv\/en\/jaunumi\/author\/herta\/"}]}},"_links":{"self":[{"href":"https:\/\/vestabaltjums.lv\/en\/wp-json\/wp\/v2\/posts\/10509","targetHints":{"allow":["GET"]}}],"collection":[{"href":"https:\/\/vestabaltjums.lv\/en\/wp-json\/wp\/v2\/posts"}],"about":[{"href":"https:\/\/vestabaltjums.lv\/en\/wp-json\/wp\/v2\/types\/post"}],"author":[{"embeddable":true,"href":"https:\/\/vestabaltjums.lv\/en\/wp-json\/wp\/v2\/users\/2"}],"replies":[{"embeddable":true,"href":"https:\/\/vestabaltjums.lv\/en\/wp-json\/wp\/v2\/comments?post=10509"}],"version-history":[{"count":0,"href":"https:\/\/vestabaltjums.lv\/en\/wp-json\/wp\/v2\/posts\/10509\/revisions"}],"wp:featuredmedia":[{"embeddable":true,"href":"https:\/\/vestabaltjums.lv\/en\/wp-json\/wp\/v2\/media\/10510"}],"wp:attachment":[{"href":"https:\/\/vestabaltjums.lv\/en\/wp-json\/wp\/v2\/media?parent=10509"}],"wp:term":[{"taxonomy":"category","embeddable":true,"href":"https:\/\/vestabaltjums.lv\/en\/wp-json\/wp\/v2\/categories?post=10509"},{"taxonomy":"post_tag","embeddable":true,"href":"https:\/\/vestabaltjums.lv\/en\/wp-json\/wp\/v2\/tags?post=10509"}],"curies":[{"name":"wp","href":"https:\/\/api.w.org\/{rel}","templated":true}]}}